{"id":673,"date":"2021-08-13T18:44:56","date_gmt":"2021-08-13T23:44:56","guid":{"rendered":"\/dae\/?p=673"},"modified":"2022-06-22T10:50:31","modified_gmt":"2022-06-22T15:50:31","slug":"intervencion-estetica-en-el-espacio-publico-enfocada-al-reconocimiento-ciudadano-de-la-violencia-obstetrica","status":"publish","type":"post","link":"\/dae\/?p=673","title":{"rendered":"ID. 4992 Intervenci\u00f3n est\u00e9tica en el espacio p\u00fablico enfocada al reconocimiento ciudadano de la violencia obst\u00e9trica"},"content":{"rendered":"<p><img src=\"\/dae\/wp-content\/uploads\/elementor\/thumbs\/admin-ajax-1-pqp0cqo655n10h0zfmccwlvi9686kigkt87nggwuzs.png\" title=\"admin-ajax (1)\" alt=\"admin-ajax (1)\"><\/p>\n<h2>ID. 4992 Intervenci\u00f3n est\u00e9tica en el espacio p\u00fablico enfocada al reconocimiento ciudadano de la violencia obst\u00e9trica<\/h2>\n<h3>\n\t\t\t\t\tProp\u00f3sito<\/h3>\n<p>Estructurar una intervenci\u00f3n est\u00e9tica enfocada a la sensibilizaci\u00f3n en torno a la violencia obst\u00e9trica.<\/p>\n<h3>\n\t\t\t\t\tDependencia<\/h3>\n<p>Divisi\u00f3n de Innovaci\u00f3n, Emprendimiento y Articulaci\u00f3n con el Entorno \u2013 DAE<\/p>\n<h3>\n\t\t\t\t\tAliados<\/h3>\n<p>Movimiento Nacional por la Salud Sexual y Reproductiva.<br \/>\nRed Colombiana Parir en Paz.<\/p>\n<h3>\n\t\t\t\t\tRegi\u00f3n de influencia<\/h3>\n<p>Totor\u00f3<br \/>\nGuapi<br \/>\nBalboa<\/p>\n<h3>\n\t\t\t\t\tPoblaci\u00f3n beneficiada<\/h3>\n<p>Mujeres y personal de salud de 3 Municipios en el Departamento del Cauca.<br \/>\nN\u00famero de personas participantes<\/p>\n<h3>\n\t\t\t\t\tDescripci\u00f3n<\/h3>\n<p>Se realizan espacios de encuentro entre investigadores, personal de salud y mujeres v\u00edctimas de violencia obst\u00e9trica, para reflexionar, debatir y comprender los sentipensares que sobre esta tem\u00e1tica puedan surgir a partir de las ilustraciones y proponer conjuntamente estrategias para su intervenci\u00f3n familiar, comunitaria e institucional. De esta forma, la iniciativa propende por el desarrollo de estrategias e iniciativas que contribuyan a la construcci\u00f3n de pol\u00edticas p\u00fablicas en los diferentes niveles territoriales a partir de procesos de investigaci\u00f3n e interacci\u00f3n social.<\/p>\n<h3>\n\t\t\t\t\tProductos o resultados esperados<\/h3>\n<p><a href=\"\">\u00bfCu\u00e1l es su potencial como fuerza de transformaci\u00f3n social?<\/a><\/p>\n<ul>\n<li>Al ser la violencia obst\u00e9trica una forma de violencia de g\u00e9nero cotidiana pero invisibilizada tanto por la comunidad como por el personal de salud, este proyecto logra poner en lo p\u00fablico la discusi\u00f3n de vivencias privadas que marcan negativamente la salud y calidad de vida de la mujer, su hij@ y su familia y por tanto crear la necesidad de proponer, implementar o demandar acciones institucionales para su prevenci\u00f3n.<\/li>\n<li>Los relatos que se encuentran en la exposici\u00f3n est\u00e9tica logran generar la proyecci\u00f3n de las propias vivencias de parto de las mujeres y reconocer que muchas de ellas sufrieron alguna forma de violencia obst\u00e9trica y que es necesario informarse m\u00e1s para que ellas mismas o las mujeres de su familia ejerzan los derechos que tienen en el proceso de atenci\u00f3n del embarazo, trabajo de parto, parto y posparto.<\/li>\n<li>Los foros entorno a estos temas tanto con personal de salud como con comunidad, contribuyen a que la construcci\u00f3n del conocimiento sea colectiva y no una tarea exclusiva de la academia y posibilita conocer como las vivencias de violencia obst\u00e9trica o de parto respetado cambian, se resignifican, se complejizan o se perpet\u00faan de un contexto cultural a otro.<\/li>\n<li>La realizaci\u00f3n del foro con el personal de salud, permite a trav\u00e9s de la socializaci\u00f3n de la tem\u00e1tica y los relatos que hacen parte de la exposici\u00f3n, dar a conocer al personal de salud, como estas vivencias que para ellos pueden resultar cotidianas, terminan marcando negativamente la posibilidad de vivir el nacimiento y el parto como una experiencia positiva y significativa. Contribuye adem\u00e1s a crear la necesidad de actualizarse sobre los cambios en los procesos de atenci\u00f3n del parto y a adecuar los protocolos de atenci\u00f3n.<\/li>\n<\/ul>\n<p><a href=\"\">\u00bfHasta qu\u00e9 punto pueden ser reproducidos? <\/a><\/p>\n<p>Esta iniciativa puede ser reproducida en un 100% tanto para la divulgaci\u00f3n social del conocimiento como para la construcci\u00f3n colectiva del mismo.<\/p>\n<p><a href=\"\">\u00bfCu\u00e1les son sus implicaciones sociales, ecol\u00f3gicas, culturales y pol\u00edticas?<\/a><\/p>\n<p>Implicaciones Sociales: &nbsp;<\/p>\n<ul>\n<li>El reconocimiento de las comunidades y el personal de salud de los derechos a tener y garantizar (respectivamente) un parto y nacimiento seguro, con-sentido y protegido como un primer paso para la construcci\u00f3n de un pa\u00eds en paz.<\/li>\n<li>Reivindicar el derecho de las mujeres a decidir sobre su cuerpo como primer territorio, invitando a empoderarse de las decisiones sobre su cuerpo gestante a partir de un mayor conocimiento del proceso biol\u00f3gico, emocional, espiritual y social del parto para poder tomar decisiones m\u00e1s seguras e informadas.<\/li>\n<\/ul>\n<p>Implicaciones Culturales:&nbsp;<\/p>\n<ul>\n<li>Garantizar un parto respetado implica reconocer, valorar e incorporar en los procesos de atenci\u00f3n de la gestaci\u00f3n hasta el puerperio, pr\u00e1cticas de cuidado cultural de la salud de las diferentes comunidades, preservando con ello la presencia y participaci\u00f3n de las parteras, respetando las posiciones culturalmente aceptadas para parir, garantizando una alimentaci\u00f3n pertinente desde lo cultural y respetando los cuidados sobre la disposici\u00f3n de la placenta y dem\u00e1s cuidados dispuestos para la mujer y el reci\u00e9n nacido. Las actividades realizadas contribuyen a generar insumos en la comunidad y en el personal de salud sobre la importancia de reclamar o respetar estas pr\u00e1cticas culturales.<\/li>\n<\/ul>\n<p>Implicaciones Pol\u00edticas:&nbsp;<\/p>\n<ul>\n<li>Categorizar las vivencias negativas entorno al parto como una forma de violencia de g\u00e9nero, conlleva a la necesidad de replantear inicialmente los protocolos de atenci\u00f3n del parto y los cuidados del reci\u00e9n nacido en los contextos institucionales y en los contextos comunitarios a generar acciones colectivas para reclamar de las instituciones de salud la garant\u00eda de los derechos establecidos desde un marco jur\u00eddico internacional y nacional.<\/li>\n<\/ul>\n<h5>Investigadores<\/h5>\n<h3>\n\t\t\t\t\tInvestigador principal<\/h3>\n<p>Elisa Jojoa Tobar<br \/>\nGrupo Tjeng<br \/>\nFacultad de Ciencias de La Salud<\/p>\n<h3>\n\t\t\t\t\tInvestigador principal<\/h3>\n<p>Andrea Calder\u00f3n Villareal<br \/>\nGrupo de Investigaci\u00f3n y Estudios en Comunicaci\u00f3n<br \/>\nFacultad de Derecho, Ciencias Pol\u00edticas y Sociales<\/p>\n<h5>Registro fotogr\u00e1fico y audiovisual<\/h5>\n<p><a href=\"\/dae\/wp-content\/uploads\/2021\/08\/4992-1-1-scaled.jpg\" data-elementor-open-lightbox=\"yes\" data-elementor-lightbox-slideshow=\"all-56d7f9d\" data-elementor-lightbox-title=\"4992-1\"><br \/>\n<\/a><br \/>\n<a href=\"\/dae\/wp-content\/uploads\/2021\/08\/4992-2.jpg\" data-elementor-open-lightbox=\"yes\" data-elementor-lightbox-slideshow=\"all-56d7f9d\" data-elementor-lightbox-title=\"4992-2\"><br \/>\n<\/a><br \/>\n<a href=\"\/dae\/wp-content\/uploads\/2021\/08\/4992-3-scaled.jpg\" data-elementor-open-lightbox=\"yes\" data-elementor-lightbox-slideshow=\"all-56d7f9d\" data-elementor-lightbox-title=\"4992-3\"><br \/>\n<\/a><br \/>\n<a href=\"\/dae\/wp-content\/uploads\/2021\/08\/4992-4-scaled.jpg\" data-elementor-open-lightbox=\"yes\" data-elementor-lightbox-slideshow=\"all-56d7f9d\" data-elementor-lightbox-title=\"4992-4\"><br \/>\n<\/a><br \/>\n<a href=\"\/dae\/wp-content\/uploads\/2021\/08\/4992-5-scaled.jpg\" data-elementor-open-lightbox=\"yes\" data-elementor-lightbox-slideshow=\"all-56d7f9d\" data-elementor-lightbox-title=\"4992-5\"><br \/>\n<\/a><br \/>\n<a href=\"\/dae\/wp-content\/uploads\/2021\/08\/4992-6-scaled.jpg\" data-elementor-open-lightbox=\"yes\" data-elementor-lightbox-slideshow=\"all-56d7f9d\" data-elementor-lightbox-title=\"4992-6\"><br \/>\n<\/a><br \/>\n<a href=\"\/dae\/wp-content\/uploads\/2021\/08\/4992-7-scaled.jpg\" data-elementor-open-lightbox=\"yes\" data-elementor-lightbox-slideshow=\"all-56d7f9d\" data-elementor-lightbox-title=\"4992-7\"><br \/>\n<\/a><br \/>\n<a href=\"\/dae\/wp-content\/uploads\/2021\/08\/4992-8-scaled.jpg\" data-elementor-open-lightbox=\"yes\" data-elementor-lightbox-slideshow=\"all-56d7f9d\" data-elementor-lightbox-title=\"4992-8\"><br \/>\n<\/a><br \/>\n<a href=\"\/dae\/wp-content\/uploads\/2021\/08\/4992-9.jpg\" data-elementor-open-lightbox=\"yes\" data-elementor-lightbox-slideshow=\"all-56d7f9d\" data-elementor-lightbox-title=\"4992-9\"><br \/>\n<\/a><br \/>\n<a href=\"\/dae\/wp-content\/uploads\/2021\/08\/4992-10.jpg\" data-elementor-open-lightbox=\"yes\" data-elementor-lightbox-slideshow=\"all-56d7f9d\" data-elementor-lightbox-title=\"4992-10\"><br \/>\n<\/a><br \/>\n<a href=\"\/dae\/wp-content\/uploads\/2021\/08\/4992-1-scaled.jpg\" data-elementor-open-lightbox=\"yes\" data-elementor-lightbox-slideshow=\"all-56d7f9d\" data-elementor-lightbox-title=\"4992-1\"><br \/>\n<\/a><\/p>\n","protected":false},"excerpt":{"rendered":"<p>Estructurar una intervenci\u00f3n est\u00e9tica enfocada a la sensibilizaci\u00f3n en torno a la violencia obst\u00e9trica.<\/p>\n","protected":false},"author":1,"featured_media":674,"comment_status":"open","ping_status":"open","sticky":false,"template":"elementor_header_footer","format":"standard","meta":[],"categories":[3],"tags":[],"_links":{"self":[{"href":"\/dae\/index.php?rest_route=\/wp\/v2\/posts\/673"}],"collection":[{"href":"\/dae\/index.php?rest_route=\/wp\/v2\/posts"}],"about":[{"href":"\/dae\/index.php?rest_route=\/wp\/v2\/types\/post"}],"author":[{"embeddable":true,"href":"\/dae\/index.php?rest_route=\/wp\/v2\/users\/1"}],"replies":[{"embeddable":true,"href":"\/dae\/index.php?rest_route=%2Fwp%2Fv2%2Fcomments&post=673"}],"version-history":[{"count":9,"href":"\/dae\/index.php?rest_route=\/wp\/v2\/posts\/673\/revisions"}],"predecessor-version":[{"id":856,"href":"\/dae\/index.php?rest_route=\/wp\/v2\/posts\/673\/revisions\/856"}],"wp:featuredmedia":[{"embeddable":true,"href":"\/dae\/index.php?rest_route=\/wp\/v2\/media\/674"}],"wp:attachment":[{"href":"\/dae\/index.php?rest_route=%2Fwp%2Fv2%2Fmedia&parent=673"}],"wp:term":[{"taxonomy":"category","embeddable":true,"href":"\/dae\/index.php?rest_route=%2Fwp%2Fv2%2Fcategories&post=673"},{"taxonomy":"post_tag","embeddable":true,"href":"\/dae\/index.php?rest_route=%2Fwp%2Fv2%2Ftags&post=673"}],"curies":[{"name":"wp","href":"https:\/\/api.w.org\/{rel}","templated":true}]}}